{"id":59,"date":"2025-12-18T11:01:33","date_gmt":"2025-12-18T11:01:33","guid":{"rendered":"https:\/\/ilkmanset.com.tr\/index.php\/2025\/12\/18\/kontrolden-cikan-otomobil-kafeteryaya-girdi\/"},"modified":"2025-12-18T11:01:33","modified_gmt":"2025-12-18T11:01:33","slug":"kontrolden-cikan-otomobil-kafeteryaya-girdi","status":"publish","type":"post","link":"https:\/\/ilkmanset.com.tr\/index.php\/2025\/12\/18\/kontrolden-cikan-otomobil-kafeteryaya-girdi\/","title":{"rendered":"Kontrolden \u00e7\u0131kan otomobil kafeteryaya girdi"},"content":{"rendered":"<p>Kayseri&#8217;nin Talas il\u00e7esinde kontrolden \u00e7\u0131kan bir otomobil kafeteryaya girdi. Olayda \u015fans eseri yaralanan olmazken, kazay\u0131 saniyelerle atlatan iki m\u00fc\u015fterinin ya\u015fad\u0131\u011f\u0131 tehlike an\u0131 g\u00fcvenlik kameras\u0131na yans\u0131d\u0131.D\u0130REKS\u0130YON HAK\u0130M\u0130YET\u0130N\u0130 KAYBETT\u0130 KAFEYE DALDI<\/p>\n<p> Kaza, Talas il\u00e7esine ba\u011fl\u0131 Bah\u00e7elievler Mahallesi Soylular 1 Sokak&#8217;ta meydana geldi. S.E.U. y\u00f6netimindeki 06 KYY 38 plakal\u0131 otomobil, s\u00fcr\u00fcc\u00fcs\u00fcn\u00fcn direksiyon hakimiyetini kaybetmesi sonucu yol kenar\u0131nda bulunan bir kafeteryaya girdi.<\/p>\n<p>EK\u0130PLER SEFERBER OLDU<\/p>\n<p>Kazan\u0131n ard\u0131ndan yap\u0131lan ihbar \u00fczerine olay yerine polis ve sa\u011fl\u0131k ekipleri sevk edildi. Polis ekipleri \u00e7evrede g\u00fcvenlik \u00f6nlemi al\u0131rken, sa\u011fl\u0131k ekiplerinin yapt\u0131\u011f\u0131 kontrollerde kazada yaralanan kimsenin olmad\u0131\u011f\u0131 belirlendi.2 K\u0130\u015e\u0130 SAN\u0130YELERLE KURTULDU<\/p>\n<p> G\u00fcvenlik kameras\u0131 g\u00f6r\u00fcnt\u00fclerinde, otomobilin kafeteryaya girmesinden yaln\u0131zca saniyeler \u00f6nce iki m\u00fc\u015fterinin arac\u0131n girdi\u011fi noktadaki masaya oturmak \u00fczere oldu\u011fu g\u00f6r\u00fcld\u00fc. B\u00fcy\u00fck bir faciadan d\u00f6n\u00fclen o anlar, izleyenleri \u00fcrpertti.ARA\u00c7 \u00c7EK\u0130C\u0130 \u0130LE KALDIRILDI<\/p>\n<p>Kazaya kar\u0131\u015fan otomobil, yap\u0131lan incelemelerin ard\u0131ndan \u00e7ekici yard\u0131m\u0131yla bulundu\u011fu yerden kald\u0131r\u0131ld\u0131. Olayla ilgili polis ekipleri taraf\u0131ndan inceleme ba\u015flat\u0131ld\u0131. <\/p>\n<p>Kaynak:\u00a0\u0130HA<\/p>\n","protected":false},"excerpt":{"rendered":"<p>Kayseri&#8217;nin Talas il\u00e7esinde kontrolden \u00e7\u0131kan bir otomobil kafeteryaya girdi. Olayda yaralanan olmazken, kafeteryaya giren 2 ki\u015fi kazay\u0131 saniyelerle atlatt\u0131. Kaza an be an g\u00fcvenlik kameras\u0131na yans\u0131d\u0131.<\/p>\n","protected":false},"author":1,"featured_media":58,"comment_status":"open","ping_status":"open","sticky":false,"template":"","format":"standard","meta":{"footnotes":""},"categories":[2],"tags":[],"class_list":["post-59","post","type-post","status-publish","format-standard","has-post-thumbnail","hentry","category-yerel"],"yoast_head":"<!-- This site is optimized with the Yoast SEO plugin v24.5 - https:\/\/yoast.com\/wordpress\/plugins\/seo\/ -->\n<title>Kontrolden \u00e7\u0131kan otomobil kafeteryaya girdi - \u0130lk Man\u015fet Haber<\/title>\n<meta name=\"robots\" content=\"index, follow, max-snippet:-1, max-image-preview:large, max-video-preview:-1\" \/>\n<link rel=\"canonical\" href=\"https:\/\/ilkmanset.com.tr\/index.php\/2025\/12\/18\/kontrolden-cikan-otomobil-kafeteryaya-girdi\/\" \/>\n<meta property=\"og:locale\" content=\"tr_TR\" \/>\n<meta property=\"og:type\" content=\"article\" \/>\n<meta property=\"og:title\" content=\"Kontrolden \u00e7\u0131kan otomobil kafeteryaya girdi - \u0130lk Man\u015fet Haber\" \/>\n<meta property=\"og:description\" content=\"Kayseri&#039;nin Talas il\u00e7esinde kontrolden \u00e7\u0131kan bir otomobil kafeteryaya girdi. Olayda yaralanan olmazken, kafeteryaya giren 2 ki\u015fi kazay\u0131 saniyelerle atlatt\u0131. Kaza an be an g\u00fcvenlik kameras\u0131na yans\u0131d\u0131.\" \/>\n<meta property=\"og:url\" content=\"https:\/\/ilkmanset.com.tr\/index.php\/2025\/12\/18\/kontrolden-cikan-otomobil-kafeteryaya-girdi\/\" \/>\n<meta property=\"og:site_name\" content=\"\u0130lk Man\u015fet Haber\" \/>\n<meta property=\"article:published_time\" content=\"2025-12-18T11:01:33+00:00\" \/>\n<meta name=\"author\" content=\"Edit\u00f6r\" \/>\n<meta name=\"twitter:card\" content=\"summary_large_image\" \/>\n<meta name=\"twitter:label1\" content=\"Yazan:\" \/>\n\t<meta name=\"twitter:data1\" content=\"Edit\u00f6r\" \/>\n\t<meta name=\"twitter:label2\" content=\"Tahmini okuma s\u00fcresi\" \/>\n\t<meta name=\"twitter:data2\" content=\"1 dakika\" \/>\n<script type=\"application\/ld+json\" class=\"yoast-schema-graph\">{\"@context\":\"https:\/\/schema.org\",\"@graph\":[{\"@type\":\"Article\",\"@id\":\"https:\/\/ilkmanset.com.tr\/index.php\/2025\/12\/18\/kontrolden-cikan-otomobil-kafeteryaya-girdi\/#article\",\"isPartOf\":{\"@id\":\"https:\/\/ilkmanset.com.tr\/index.php\/2025\/12\/18\/kontrolden-cikan-otomobil-kafeteryaya-girdi\/\"},\"author\":{\"name\":\"Edit\u00f6r\",\"@id\":\"https:\/\/ilkmanset.com.tr\/#\/schema\/person\/f2efb298f4b0ad955b243083d1fe05d6\"},\"headline\":\"Kontrolden \u00e7\u0131kan otomobil kafeteryaya girdi\",\"datePublished\":\"2025-12-18T11:01:33+00:00\",\"mainEntityOfPage\":{\"@id\":\"https:\/\/ilkmanset.com.tr\/index.php\/2025\/12\/18\/kontrolden-cikan-otomobil-kafeteryaya-girdi\/\"},\"wordCount\":209,\"commentCount\":0,\"publisher\":{\"@id\":\"https:\/\/ilkmanset.com.tr\/#organization\"},\"image\":{\"@id\":\"https:\/\/ilkmanset.com.tr\/index.php\/2025\/12\/18\/kontrolden-cikan-otomobil-kafeteryaya-girdi\/#primaryimage\"},\"thumbnailUrl\":\"https:\/\/ilkmanset.com.tr\/wp-content\/uploads\/2025\/12\/kontrolden-cikan-otomobil-kafeteryaya-girdi-19365815_amp.webp\",\"articleSection\":[\"Yerel\"],\"inLanguage\":\"tr\",\"potentialAction\":[{\"@type\":\"CommentAction\",\"name\":\"Comment\",\"target\":[\"https:\/\/ilkmanset.com.tr\/index.php\/2025\/12\/18\/kontrolden-cikan-otomobil-kafeteryaya-girdi\/#respond\"]}]},{\"@type\":\"WebPage\",\"@id\":\"https:\/\/ilkmanset.com.tr\/index.php\/2025\/12\/18\/kontrolden-cikan-otomobil-kafeteryaya-girdi\/\",\"url\":\"https:\/\/ilkmanset.com.tr\/index.php\/2025\/12\/18\/kontrolden-cikan-otomobil-kafeteryaya-girdi\/\",\"name\":\"Kontrolden \u00e7\u0131kan otomobil kafeteryaya girdi - \u0130lk Man\u015fet Haber\",\"isPartOf\":{\"@id\":\"https:\/\/ilkmanset.com.tr\/#website\"},\"primaryImageOfPage\":{\"@id\":\"https:\/\/ilkmanset.com.tr\/index.php\/2025\/12\/18\/kontrolden-cikan-otomobil-kafeteryaya-girdi\/#primaryimage\"},\"image\":{\"@id\":\"https:\/\/ilkmanset.com.tr\/index.php\/2025\/12\/18\/kontrolden-cikan-otomobil-kafeteryaya-girdi\/#primaryimage\"},\"thumbnailUrl\":\"https:\/\/ilkmanset.com.tr\/wp-content\/uploads\/2025\/12\/kontrolden-cikan-otomobil-kafeteryaya-girdi-19365815_amp.webp\",\"datePublished\":\"2025-12-18T11:01:33+00:00\",\"breadcrumb\":{\"@id\":\"https:\/\/ilkmanset.com.tr\/index.php\/2025\/12\/18\/kontrolden-cikan-otomobil-kafeteryaya-girdi\/#breadcrumb\"},\"inLanguage\":\"tr\",\"potentialAction\":[{\"@type\":\"ReadAction\",\"target\":[\"https:\/\/ilkmanset.com.tr\/index.php\/2025\/12\/18\/kontrolden-cikan-otomobil-kafeteryaya-girdi\/\"]}]},{\"@type\":\"ImageObject\",\"inLanguage\":\"tr\",\"@id\":\"https:\/\/ilkmanset.com.tr\/index.php\/2025\/12\/18\/kontrolden-cikan-otomobil-kafeteryaya-girdi\/#primaryimage\",\"url\":\"https:\/\/ilkmanset.com.tr\/wp-content\/uploads\/2025\/12\/kontrolden-cikan-otomobil-kafeteryaya-girdi-19365815_amp.webp\",\"contentUrl\":\"https:\/\/ilkmanset.com.tr\/wp-content\/uploads\/2025\/12\/kontrolden-cikan-otomobil-kafeteryaya-girdi-19365815_amp.webp\",\"width\":1200,\"height\":764},{\"@type\":\"BreadcrumbList\",\"@id\":\"https:\/\/ilkmanset.com.tr\/index.php\/2025\/12\/18\/kontrolden-cikan-otomobil-kafeteryaya-girdi\/#breadcrumb\",\"itemListElement\":[{\"@type\":\"ListItem\",\"position\":1,\"name\":\"Anasayfa\",\"item\":\"https:\/\/ilkmanset.com.tr\/\"},{\"@type\":\"ListItem\",\"position\":2,\"name\":\"Kontrolden \u00e7\u0131kan otomobil kafeteryaya girdi\"}]},{\"@type\":\"WebSite\",\"@id\":\"https:\/\/ilkmanset.com.tr\/#website\",\"url\":\"https:\/\/ilkmanset.com.tr\/\",\"name\":\"\u0130lk Man\u015fet Haber\",\"description\":\"\",\"publisher\":{\"@id\":\"https:\/\/ilkmanset.com.tr\/#organization\"},\"potentialAction\":[{\"@type\":\"SearchAction\",\"target\":{\"@type\":\"EntryPoint\",\"urlTemplate\":\"https:\/\/ilkmanset.com.tr\/?s={search_term_string}\"},\"query-input\":{\"@type\":\"PropertyValueSpecification\",\"valueRequired\":true,\"valueName\":\"search_term_string\"}}],\"inLanguage\":\"tr\"},{\"@type\":\"Organization\",\"@id\":\"https:\/\/ilkmanset.com.tr\/#organization\",\"name\":\"\u0130lk Man\u015fet Haber\",\"url\":\"https:\/\/ilkmanset.com.tr\/\",\"logo\":{\"@type\":\"ImageObject\",\"inLanguage\":\"tr\",\"@id\":\"https:\/\/ilkmanset.com.tr\/#\/schema\/logo\/image\/\",\"url\":\"https:\/\/ilkmanset.com.tr\/wp-content\/uploads\/2025\/03\/cropped-ILK-MANSET-PNG-1.png\",\"contentUrl\":\"https:\/\/ilkmanset.com.tr\/wp-content\/uploads\/2025\/03\/cropped-ILK-MANSET-PNG-1.png\",\"width\":1080,\"height\":261,\"caption\":\"\u0130lk Man\u015fet Haber\"},\"image\":{\"@id\":\"https:\/\/ilkmanset.com.tr\/#\/schema\/logo\/image\/\"}},{\"@type\":\"Person\",\"@id\":\"https:\/\/ilkmanset.com.tr\/#\/schema\/person\/f2efb298f4b0ad955b243083d1fe05d6\",\"name\":\"Edit\u00f6r\",\"image\":{\"@type\":\"ImageObject\",\"inLanguage\":\"tr\",\"@id\":\"https:\/\/ilkmanset.com.tr\/#\/schema\/person\/image\/\",\"url\":\"https:\/\/secure.gravatar.com\/avatar\/7ea14a84fb8cdc37379c51b9187aeddd9f52ca905830a1d7d035b9aafc00df1b?s=96&d=mm&r=g\",\"contentUrl\":\"https:\/\/secure.gravatar.com\/avatar\/7ea14a84fb8cdc37379c51b9187aeddd9f52ca905830a1d7d035b9aafc00df1b?s=96&d=mm&r=g\",\"caption\":\"Edit\u00f6r\"},\"sameAs\":[\"https:\/\/ilkmanset.com.tr\"],\"url\":\"https:\/\/ilkmanset.com.tr\/index.php\/author\/admin\/\"}]}<\/script>\n<!-- \/ Yoast SEO plugin. -->","yoast_head_json":{"title":"Kontrolden \u00e7\u0131kan otomobil kafeteryaya girdi - \u0130lk Man\u015fet Haber","robots":{"index":"index","follow":"follow","max-snippet":"max-snippet:-1","max-image-preview":"max-image-preview:large","max-video-preview":"max-video-preview:-1"},"canonical":"https:\/\/ilkmanset.com.tr\/index.php\/2025\/12\/18\/kontrolden-cikan-otomobil-kafeteryaya-girdi\/","og_locale":"tr_TR","og_type":"article","og_title":"Kontrolden \u00e7\u0131kan otomobil kafeteryaya girdi - \u0130lk Man\u015fet Haber","og_description":"Kayseri'nin Talas il\u00e7esinde kontrolden \u00e7\u0131kan bir otomobil kafeteryaya girdi. Olayda yaralanan olmazken, kafeteryaya giren 2 ki\u015fi kazay\u0131 saniyelerle atlatt\u0131. Kaza an be an g\u00fcvenlik kameras\u0131na yans\u0131d\u0131.","og_url":"https:\/\/ilkmanset.com.tr\/index.php\/2025\/12\/18\/kontrolden-cikan-otomobil-kafeteryaya-girdi\/","og_site_name":"\u0130lk Man\u015fet Haber","article_published_time":"2025-12-18T11:01:33+00:00","author":"Edit\u00f6r","twitter_card":"summary_large_image","twitter_misc":{"Yazan:":"Edit\u00f6r","Tahmini okuma s\u00fcresi":"1 dakika"},"schema":{"@context":"https:\/\/schema.org","@graph":[{"@type":"Article","@id":"https:\/\/ilkmanset.com.tr\/index.php\/2025\/12\/18\/kontrolden-cikan-otomobil-kafeteryaya-girdi\/#article","isPartOf":{"@id":"https:\/\/ilkmanset.com.tr\/index.php\/2025\/12\/18\/kontrolden-cikan-otomobil-kafeteryaya-girdi\/"},"author":{"name":"Edit\u00f6r","@id":"https:\/\/ilkmanset.com.tr\/#\/schema\/person\/f2efb298f4b0ad955b243083d1fe05d6"},"headline":"Kontrolden \u00e7\u0131kan otomobil kafeteryaya girdi","datePublished":"2025-12-18T11:01:33+00:00","mainEntityOfPage":{"@id":"https:\/\/ilkmanset.com.tr\/index.php\/2025\/12\/18\/kontrolden-cikan-otomobil-kafeteryaya-girdi\/"},"wordCount":209,"commentCount":0,"publisher":{"@id":"https:\/\/ilkmanset.com.tr\/#organization"},"image":{"@id":"https:\/\/ilkmanset.com.tr\/index.php\/2025\/12\/18\/kontrolden-cikan-otomobil-kafeteryaya-girdi\/#primaryimage"},"thumbnailUrl":"https:\/\/ilkmanset.com.tr\/wp-content\/uploads\/2025\/12\/kontrolden-cikan-otomobil-kafeteryaya-girdi-19365815_amp.webp","articleSection":["Yerel"],"inLanguage":"tr","potentialAction":[{"@type":"CommentAction","name":"Comment","target":["https:\/\/ilkmanset.com.tr\/index.php\/2025\/12\/18\/kontrolden-cikan-otomobil-kafeteryaya-girdi\/#respond"]}]},{"@type":"WebPage","@id":"https:\/\/ilkmanset.com.tr\/index.php\/2025\/12\/18\/kontrolden-cikan-otomobil-kafeteryaya-girdi\/","url":"https:\/\/ilkmanset.com.tr\/index.php\/2025\/12\/18\/kontrolden-cikan-otomobil-kafeteryaya-girdi\/","name":"Kontrolden \u00e7\u0131kan otomobil kafeteryaya girdi - \u0130lk Man\u015fet Haber","isPartOf":{"@id":"https:\/\/ilkmanset.com.tr\/#website"},"primaryImageOfPage":{"@id":"https:\/\/ilkmanset.com.tr\/index.php\/2025\/12\/18\/kontrolden-cikan-otomobil-kafeteryaya-girdi\/#primaryimage"},"image":{"@id":"https:\/\/ilkmanset.com.tr\/index.php\/2025\/12\/18\/kontrolden-cikan-otomobil-kafeteryaya-girdi\/#primaryimage"},"thumbnailUrl":"https:\/\/ilkmanset.com.tr\/wp-content\/uploads\/2025\/12\/kontrolden-cikan-otomobil-kafeteryaya-girdi-19365815_amp.webp","datePublished":"2025-12-18T11:01:33+00:00","breadcrumb":{"@id":"https:\/\/ilkmanset.com.tr\/index.php\/2025\/12\/18\/kontrolden-cikan-otomobil-kafeteryaya-girdi\/#breadcrumb"},"inLanguage":"tr","potentialAction":[{"@type":"ReadAction","target":["https:\/\/ilkmanset.com.tr\/index.php\/2025\/12\/18\/kontrolden-cikan-otomobil-kafeteryaya-girdi\/"]}]},{"@type":"ImageObject","inLanguage":"tr","@id":"https:\/\/ilkmanset.com.tr\/index.php\/2025\/12\/18\/kontrolden-cikan-otomobil-kafeteryaya-girdi\/#primaryimage","url":"https:\/\/ilkmanset.com.tr\/wp-content\/uploads\/2025\/12\/kontrolden-cikan-otomobil-kafeteryaya-girdi-19365815_amp.webp","contentUrl":"https:\/\/ilkmanset.com.tr\/wp-content\/uploads\/2025\/12\/kontrolden-cikan-otomobil-kafeteryaya-girdi-19365815_amp.webp","width":1200,"height":764},{"@type":"BreadcrumbList","@id":"https:\/\/ilkmanset.com.tr\/index.php\/2025\/12\/18\/kontrolden-cikan-otomobil-kafeteryaya-girdi\/#breadcrumb","itemListElement":[{"@type":"ListItem","position":1,"name":"Anasayfa","item":"https:\/\/ilkmanset.com.tr\/"},{"@type":"ListItem","position":2,"name":"Kontrolden \u00e7\u0131kan otomobil kafeteryaya girdi"}]},{"@type":"WebSite","@id":"https:\/\/ilkmanset.com.tr\/#website","url":"https:\/\/ilkmanset.com.tr\/","name":"\u0130lk Man\u015fet Haber","description":"","publisher":{"@id":"https:\/\/ilkmanset.com.tr\/#organization"},"potentialAction":[{"@type":"SearchAction","target":{"@type":"EntryPoint","urlTemplate":"https:\/\/ilkmanset.com.tr\/?s={search_term_string}"},"query-input":{"@type":"PropertyValueSpecification","valueRequired":true,"valueName":"search_term_string"}}],"inLanguage":"tr"},{"@type":"Organization","@id":"https:\/\/ilkmanset.com.tr\/#organization","name":"\u0130lk Man\u015fet Haber","url":"https:\/\/ilkmanset.com.tr\/","logo":{"@type":"ImageObject","inLanguage":"tr","@id":"https:\/\/ilkmanset.com.tr\/#\/schema\/logo\/image\/","url":"https:\/\/ilkmanset.com.tr\/wp-content\/uploads\/2025\/03\/cropped-ILK-MANSET-PNG-1.png","contentUrl":"https:\/\/ilkmanset.com.tr\/wp-content\/uploads\/2025\/03\/cropped-ILK-MANSET-PNG-1.png","width":1080,"height":261,"caption":"\u0130lk Man\u015fet Haber"},"image":{"@id":"https:\/\/ilkmanset.com.tr\/#\/schema\/logo\/image\/"}},{"@type":"Person","@id":"https:\/\/ilkmanset.com.tr\/#\/schema\/person\/f2efb298f4b0ad955b243083d1fe05d6","name":"Edit\u00f6r","image":{"@type":"ImageObject","inLanguage":"tr","@id":"https:\/\/ilkmanset.com.tr\/#\/schema\/person\/image\/","url":"https:\/\/secure.gravatar.com\/avatar\/7ea14a84fb8cdc37379c51b9187aeddd9f52ca905830a1d7d035b9aafc00df1b?s=96&d=mm&r=g","contentUrl":"https:\/\/secure.gravatar.com\/avatar\/7ea14a84fb8cdc37379c51b9187aeddd9f52ca905830a1d7d035b9aafc00df1b?s=96&d=mm&r=g","caption":"Edit\u00f6r"},"sameAs":["https:\/\/ilkmanset.com.tr"],"url":"https:\/\/ilkmanset.com.tr\/index.php\/author\/admin\/"}]}},"_links":{"self":[{"href":"https:\/\/ilkmanset.com.tr\/index.php\/wp-json\/wp\/v2\/posts\/59","targetHints":{"allow":["GET"]}}],"collection":[{"href":"https:\/\/ilkmanset.com.tr\/index.php\/wp-json\/wp\/v2\/posts"}],"about":[{"href":"https:\/\/ilkmanset.com.tr\/index.php\/wp-json\/wp\/v2\/types\/post"}],"author":[{"embeddable":true,"href":"https:\/\/ilkmanset.com.tr\/index.php\/wp-json\/wp\/v2\/users\/1"}],"replies":[{"embeddable":true,"href":"https:\/\/ilkmanset.com.tr\/index.php\/wp-json\/wp\/v2\/comments?post=59"}],"version-history":[{"count":0,"href":"https:\/\/ilkmanset.com.tr\/index.php\/wp-json\/wp\/v2\/posts\/59\/revisions"}],"wp:featuredmedia":[{"embeddable":true,"href":"https:\/\/ilkmanset.com.tr\/index.php\/wp-json\/wp\/v2\/media\/58"}],"wp:attachment":[{"href":"https:\/\/ilkmanset.com.tr\/index.php\/wp-json\/wp\/v2\/media?parent=59"}],"wp:term":[{"taxonomy":"category","embeddable":true,"href":"https:\/\/ilkmanset.com.tr\/index.php\/wp-json\/wp\/v2\/categories?post=59"},{"taxonomy":"post_tag","embeddable":true,"href":"https:\/\/ilkmanset.com.tr\/index.php\/wp-json\/wp\/v2\/tags?post=59"}],"curies":[{"name":"wp","href":"https:\/\/api.w.org\/{rel}","templated":true}]}}