{"id":47,"date":"2025-03-07T14:37:38","date_gmt":"2025-03-07T14:37:38","guid":{"rendered":"https:\/\/ilkmanset.com.tr\/?p=47"},"modified":"2025-03-07T14:37:39","modified_gmt":"2025-03-07T14:37:39","slug":"gazeteci-kursat-acikgozun-sordugu-sorulara-talas-belediyesinden-yanit-gelmedi","status":"publish","type":"post","link":"https:\/\/ilkmanset.com.tr\/index.php\/2025\/03\/07\/gazeteci-kursat-acikgozun-sordugu-sorulara-talas-belediyesinden-yanit-gelmedi\/","title":{"rendered":"Gazeteci K\u00fcr\u015fat A\u00e7\u0131kg\u00f6z&#8217;\u00fcn Sordu\u011fu Sorulara Talas Belediyesi\u2019nden Yan\u0131t Gelmedi"},"content":{"rendered":"\n<p class=\"wp-block-paragraph\"><\/p>\n\n\n\n<p class=\"wp-block-paragraph\">Gazeteci K\u00fcr\u015fat A\u00e7\u0131kg\u00f6z\u2019\u00fcn Genel Yay\u0131n Y\u00f6netmeni oldu\u011fu Hunat TV, Talas Belediyesi\u2019ne y\u00f6nelik FET\u00d6 ile ilgili \u00e7e\u015fitli iddialar i\u00e7eren 10 soru y\u00f6neltmi\u015fti. Ancak belediye, do\u011frudan bu sorulara yan\u0131t vermek yerine Hunat TV\u2019ye y\u00f6nelik bir a\u00e7\u0131klama yaparak, konunun farkl\u0131 bir noktaya \u00e7ekildi\u011fi izlenimi olu\u015fturdu.<\/p>\n\n\n\n<p class=\"wp-block-paragraph\">Hunat TV taraf\u0131ndan g\u00fcndeme getirilen sorular, kamuoyunun bilgi edinme hakk\u0131 \u00e7er\u00e7evesinde \u00f6nemli g\u00f6r\u00fclmekte olup, \u015fu ana kadar Talas Belediyesi\u2019nden bu sorulara dair do\u011frudan bir yan\u0131t gelmemi\u015ftir. Gazeteci K\u00fcr\u015fat A\u00e7\u0131kg\u00f6z\u2019\u00fcn y\u00f6neltti\u011fi sorular aras\u0131nda belediyenin belirli ki\u015fi ve gruplarla olan ba\u011flant\u0131lar\u0131 ve iddia edilen ili\u015fkiler yer almaktad\u0131r.<\/p>\n\n\n\n<p class=\"wp-block-paragraph\">Bu ba\u011flamda, kamuoyunun ayd\u0131nlat\u0131lmas\u0131 ad\u0131na Talas Belediyesi\u2019nin \u015fu sorulara net ve do\u011frudan yan\u0131t vermesi beklenmektedir:<\/p>\n\n\n\n<p class=\"wp-block-paragraph\">1-Talas Belediyesi\u2019nde fet\u00f6den KHK ile ihra\u00e7 edilen personeliniz var m\u0131d\u0131r?<\/p>\n\n\n\n<p class=\"wp-block-paragraph\">2-Fet\u00f6\u2019den ihra\u00e7 edilip geri d\u00f6nen personeliniz var m\u0131d\u0131r?<\/p>\n\n\n\n<p class=\"wp-block-paragraph\">3-Fet\u00f6 soru\u015fturmas\u0131 s\u00fcren personeliniz var m\u0131d\u0131r?<\/p>\n\n\n\n<p class=\"wp-block-paragraph\">4-Fet\u00f6\u2019den davas\u0131 olan personeliniz var m\u0131d\u0131r?<\/p>\n\n\n\n<p class=\"wp-block-paragraph\">5-Varsa bunlar kim taraf\u0131ndan ne zaman i\u015fe al\u0131nm\u0131\u015ft\u0131r?<\/p>\n\n\n\n<p class=\"wp-block-paragraph\">6-\u0130\u015fe al\u0131mlar\u0131nda hangi s\u00fcre\u00e7 i\u015fletilmi\u015ftir?<\/p>\n\n\n\n<p class=\"wp-block-paragraph\">7-Onlar m\u0131 sizi buldu, siz mi onlar\u0131 buldunuz! Kimler referans oldu!<\/p>\n\n\n\n<p class=\"wp-block-paragraph\">8-Sizin tan\u0131d\u0131\u011f\u0131n\u0131z isimler var m\u0131d\u0131r?<\/p>\n\n\n\n<p class=\"wp-block-paragraph\">9-Varsa nerede, ne zaman tan\u0131\u015ft\u0131n\u0131z?<\/p>\n\n\n\n<p class=\"wp-block-paragraph\">10-Bunlar hangi kritik pozisyonlarda \u00e7al\u0131\u015fmaktad\u0131r?<\/p>\n\n\n\n<p class=\"wp-block-paragraph\">Gazetecilik ilkeleri do\u011frultusunda, \u015feffafl\u0131k ve hesap verebilirlik \u00e7er\u00e7evesinde, Talas Belediyesi\u2019nden bu sorulara a\u00e7\u0131k ve net bir yan\u0131t verilmesi kamuoyunun beklentileri aras\u0131ndad\u0131r.<\/p>\n","protected":false},"excerpt":{"rendered":"<p>Gazeteci K\u00fcr\u015fat A\u00e7\u0131kg\u00f6z\u2019\u00fcn Genel Yay\u0131n Y\u00f6netmeni oldu\u011fu Hunat TV, Talas Belediyesi\u2019ne y\u00f6nelik FET\u00d6 ile ilgili \u00e7e\u015fitli iddialar i\u00e7eren 10 soru y\u00f6neltmi\u015fti. Ancak belediye, do\u011frudan bu sorulara yan\u0131t vermek yerine Hunat TV\u2019ye y\u00f6nelik bir a\u00e7\u0131klama yaparak, konunun farkl\u0131 bir noktaya \u00e7ekildi\u011fi izlenimi olu\u015fturdu. Hunat TV taraf\u0131ndan g\u00fcndeme getirilen sorular, kamuoyunun bilgi edinme hakk\u0131 \u00e7er\u00e7evesinde \u00f6nemli g\u00f6r\u00fclmekte [&hellip;]<\/p>\n","protected":false},"author":1,"featured_media":48,"comment_status":"open","ping_status":"open","sticky":false,"template":"","format":"standard","meta":{"footnotes":""},"categories":[1],"tags":[],"class_list":["post-47","post","type-post","status-publish","format-standard","has-post-thumbnail","hentry","category-uncategorized"],"yoast_head":"<!-- This site is optimized with the Yoast SEO plugin v24.5 - https:\/\/yoast.com\/wordpress\/plugins\/seo\/ -->\n<title>Gazeteci K\u00fcr\u015fat A\u00e7\u0131kg\u00f6z&#039;\u00fcn Sordu\u011fu Sorulara Talas Belediyesi\u2019nden Yan\u0131t Gelmedi - \u0130lk Man\u015fet Haber<\/title>\n<meta name=\"robots\" content=\"index, follow, max-snippet:-1, max-image-preview:large, max-video-preview:-1\" \/>\n<link rel=\"canonical\" href=\"https:\/\/ilkmanset.com.tr\/index.php\/2025\/03\/07\/gazeteci-kursat-acikgozun-sordugu-sorulara-talas-belediyesinden-yanit-gelmedi\/\" \/>\n<meta property=\"og:locale\" content=\"tr_TR\" \/>\n<meta property=\"og:type\" content=\"article\" \/>\n<meta property=\"og:title\" content=\"Gazeteci K\u00fcr\u015fat A\u00e7\u0131kg\u00f6z&#039;\u00fcn Sordu\u011fu Sorulara Talas Belediyesi\u2019nden Yan\u0131t Gelmedi - \u0130lk Man\u015fet Haber\" \/>\n<meta property=\"og:description\" content=\"Gazeteci K\u00fcr\u015fat A\u00e7\u0131kg\u00f6z\u2019\u00fcn Genel Yay\u0131n Y\u00f6netmeni oldu\u011fu Hunat TV, Talas Belediyesi\u2019ne y\u00f6nelik FET\u00d6 ile ilgili \u00e7e\u015fitli iddialar i\u00e7eren 10 soru y\u00f6neltmi\u015fti. Ancak belediye, do\u011frudan bu sorulara yan\u0131t vermek yerine Hunat TV\u2019ye y\u00f6nelik bir a\u00e7\u0131klama yaparak, konunun farkl\u0131 bir noktaya \u00e7ekildi\u011fi izlenimi olu\u015fturdu. Hunat TV taraf\u0131ndan g\u00fcndeme getirilen sorular, kamuoyunun bilgi edinme hakk\u0131 \u00e7er\u00e7evesinde \u00f6nemli g\u00f6r\u00fclmekte [&hellip;]\" \/>\n<meta property=\"og:url\" content=\"https:\/\/ilkmanset.com.tr\/index.php\/2025\/03\/07\/gazeteci-kursat-acikgozun-sordugu-sorulara-talas-belediyesinden-yanit-gelmedi\/\" \/>\n<meta property=\"og:site_name\" content=\"\u0130lk Man\u015fet Haber\" \/>\n<meta property=\"article:published_time\" content=\"2025-03-07T14:37:38+00:00\" \/>\n<meta property=\"article:modified_time\" content=\"2025-03-07T14:37:39+00:00\" \/>\n<meta property=\"og:image\" content=\"https:\/\/ilkmanset.com.tr\/wp-content\/uploads\/2025\/03\/post-boyut-1.png\" \/>\n\t<meta property=\"og:image:width\" content=\"1080\" \/>\n\t<meta property=\"og:image:height\" content=\"1350\" \/>\n\t<meta property=\"og:image:type\" content=\"image\/png\" \/>\n<meta name=\"author\" content=\"Edit\u00f6r\" \/>\n<meta name=\"twitter:card\" content=\"summary_large_image\" \/>\n<meta name=\"twitter:label1\" content=\"Yazan:\" \/>\n\t<meta name=\"twitter:data1\" content=\"Edit\u00f6r\" \/>\n\t<meta name=\"twitter:label2\" content=\"Tahmini okuma s\u00fcresi\" \/>\n\t<meta name=\"twitter:data2\" content=\"2 dakika\" \/>\n<script type=\"application\/ld+json\" class=\"yoast-schema-graph\">{\"@context\":\"https:\/\/schema.org\",\"@graph\":[{\"@type\":\"Article\",\"@id\":\"https:\/\/ilkmanset.com.tr\/index.php\/2025\/03\/07\/gazeteci-kursat-acikgozun-sordugu-sorulara-talas-belediyesinden-yanit-gelmedi\/#article\",\"isPartOf\":{\"@id\":\"https:\/\/ilkmanset.com.tr\/index.php\/2025\/03\/07\/gazeteci-kursat-acikgozun-sordugu-sorulara-talas-belediyesinden-yanit-gelmedi\/\"},\"author\":{\"name\":\"Edit\u00f6r\",\"@id\":\"https:\/\/ilkmanset.com.tr\/#\/schema\/person\/f2efb298f4b0ad955b243083d1fe05d6\"},\"headline\":\"Gazeteci K\u00fcr\u015fat A\u00e7\u0131kg\u00f6z&#8217;\u00fcn Sordu\u011fu Sorulara Talas Belediyesi\u2019nden Yan\u0131t Gelmedi\",\"datePublished\":\"2025-03-07T14:37:38+00:00\",\"dateModified\":\"2025-03-07T14:37:39+00:00\",\"mainEntityOfPage\":{\"@id\":\"https:\/\/ilkmanset.com.tr\/index.php\/2025\/03\/07\/gazeteci-kursat-acikgozun-sordugu-sorulara-talas-belediyesinden-yanit-gelmedi\/\"},\"wordCount\":302,\"commentCount\":0,\"publisher\":{\"@id\":\"https:\/\/ilkmanset.com.tr\/#organization\"},\"image\":{\"@id\":\"https:\/\/ilkmanset.com.tr\/index.php\/2025\/03\/07\/gazeteci-kursat-acikgozun-sordugu-sorulara-talas-belediyesinden-yanit-gelmedi\/#primaryimage\"},\"thumbnailUrl\":\"https:\/\/ilkmanset.com.tr\/wp-content\/uploads\/2025\/03\/post-boyut-1.png\",\"articleSection\":[\"Uncategorized\"],\"inLanguage\":\"tr\",\"potentialAction\":[{\"@type\":\"CommentAction\",\"name\":\"Comment\",\"target\":[\"https:\/\/ilkmanset.com.tr\/index.php\/2025\/03\/07\/gazeteci-kursat-acikgozun-sordugu-sorulara-talas-belediyesinden-yanit-gelmedi\/#respond\"]}]},{\"@type\":\"WebPage\",\"@id\":\"https:\/\/ilkmanset.com.tr\/index.php\/2025\/03\/07\/gazeteci-kursat-acikgozun-sordugu-sorulara-talas-belediyesinden-yanit-gelmedi\/\",\"url\":\"https:\/\/ilkmanset.com.tr\/index.php\/2025\/03\/07\/gazeteci-kursat-acikgozun-sordugu-sorulara-talas-belediyesinden-yanit-gelmedi\/\",\"name\":\"Gazeteci K\u00fcr\u015fat A\u00e7\u0131kg\u00f6z'\u00fcn Sordu\u011fu Sorulara Talas Belediyesi\u2019nden Yan\u0131t Gelmedi - \u0130lk Man\u015fet Haber\",\"isPartOf\":{\"@id\":\"https:\/\/ilkmanset.com.tr\/#website\"},\"primaryImageOfPage\":{\"@id\":\"https:\/\/ilkmanset.com.tr\/index.php\/2025\/03\/07\/gazeteci-kursat-acikgozun-sordugu-sorulara-talas-belediyesinden-yanit-gelmedi\/#primaryimage\"},\"image\":{\"@id\":\"https:\/\/ilkmanset.com.tr\/index.php\/2025\/03\/07\/gazeteci-kursat-acikgozun-sordugu-sorulara-talas-belediyesinden-yanit-gelmedi\/#primaryimage\"},\"thumbnailUrl\":\"https:\/\/ilkmanset.com.tr\/wp-content\/uploads\/2025\/03\/post-boyut-1.png\",\"datePublished\":\"2025-03-07T14:37:38+00:00\",\"dateModified\":\"2025-03-07T14:37:39+00:00\",\"breadcrumb\":{\"@id\":\"https:\/\/ilkmanset.com.tr\/index.php\/2025\/03\/07\/gazeteci-kursat-acikgozun-sordugu-sorulara-talas-belediyesinden-yanit-gelmedi\/#breadcrumb\"},\"inLanguage\":\"tr\",\"potentialAction\":[{\"@type\":\"ReadAction\",\"target\":[\"https:\/\/ilkmanset.com.tr\/index.php\/2025\/03\/07\/gazeteci-kursat-acikgozun-sordugu-sorulara-talas-belediyesinden-yanit-gelmedi\/\"]}]},{\"@type\":\"ImageObject\",\"inLanguage\":\"tr\",\"@id\":\"https:\/\/ilkmanset.com.tr\/index.php\/2025\/03\/07\/gazeteci-kursat-acikgozun-sordugu-sorulara-talas-belediyesinden-yanit-gelmedi\/#primaryimage\",\"url\":\"https:\/\/ilkmanset.com.tr\/wp-content\/uploads\/2025\/03\/post-boyut-1.png\",\"contentUrl\":\"https:\/\/ilkmanset.com.tr\/wp-content\/uploads\/2025\/03\/post-boyut-1.png\",\"width\":1080,\"height\":1350},{\"@type\":\"BreadcrumbList\",\"@id\":\"https:\/\/ilkmanset.com.tr\/index.php\/2025\/03\/07\/gazeteci-kursat-acikgozun-sordugu-sorulara-talas-belediyesinden-yanit-gelmedi\/#breadcrumb\",\"itemListElement\":[{\"@type\":\"ListItem\",\"position\":1,\"name\":\"Anasayfa\",\"item\":\"https:\/\/ilkmanset.com.tr\/\"},{\"@type\":\"ListItem\",\"position\":2,\"name\":\"Gazeteci K\u00fcr\u015fat A\u00e7\u0131kg\u00f6z&#8217;\u00fcn Sordu\u011fu Sorulara Talas Belediyesi\u2019nden Yan\u0131t Gelmedi\"}]},{\"@type\":\"WebSite\",\"@id\":\"https:\/\/ilkmanset.com.tr\/#website\",\"url\":\"https:\/\/ilkmanset.com.tr\/\",\"name\":\"\u0130lk Man\u015fet Haber\",\"description\":\"\",\"publisher\":{\"@id\":\"https:\/\/ilkmanset.com.tr\/#organization\"},\"potentialAction\":[{\"@type\":\"SearchAction\",\"target\":{\"@type\":\"EntryPoint\",\"urlTemplate\":\"https:\/\/ilkmanset.com.tr\/?s={search_term_string}\"},\"query-input\":{\"@type\":\"PropertyValueSpecification\",\"valueRequired\":true,\"valueName\":\"search_term_string\"}}],\"inLanguage\":\"tr\"},{\"@type\":\"Organization\",\"@id\":\"https:\/\/ilkmanset.com.tr\/#organization\",\"name\":\"\u0130lk Man\u015fet Haber\",\"url\":\"https:\/\/ilkmanset.com.tr\/\",\"logo\":{\"@type\":\"ImageObject\",\"inLanguage\":\"tr\",\"@id\":\"https:\/\/ilkmanset.com.tr\/#\/schema\/logo\/image\/\",\"url\":\"https:\/\/ilkmanset.com.tr\/wp-content\/uploads\/2025\/03\/cropped-ILK-MANSET-PNG-1.png\",\"contentUrl\":\"https:\/\/ilkmanset.com.tr\/wp-content\/uploads\/2025\/03\/cropped-ILK-MANSET-PNG-1.png\",\"width\":1080,\"height\":261,\"caption\":\"\u0130lk Man\u015fet Haber\"},\"image\":{\"@id\":\"https:\/\/ilkmanset.com.tr\/#\/schema\/logo\/image\/\"}},{\"@type\":\"Person\",\"@id\":\"https:\/\/ilkmanset.com.tr\/#\/schema\/person\/f2efb298f4b0ad955b243083d1fe05d6\",\"name\":\"Edit\u00f6r\",\"image\":{\"@type\":\"ImageObject\",\"inLanguage\":\"tr\",\"@id\":\"https:\/\/ilkmanset.com.tr\/#\/schema\/person\/image\/\",\"url\":\"https:\/\/secure.gravatar.com\/avatar\/7ea14a84fb8cdc37379c51b9187aeddd9f52ca905830a1d7d035b9aafc00df1b?s=96&d=mm&r=g\",\"contentUrl\":\"https:\/\/secure.gravatar.com\/avatar\/7ea14a84fb8cdc37379c51b9187aeddd9f52ca905830a1d7d035b9aafc00df1b?s=96&d=mm&r=g\",\"caption\":\"Edit\u00f6r\"},\"sameAs\":[\"https:\/\/ilkmanset.com.tr\"],\"url\":\"https:\/\/ilkmanset.com.tr\/index.php\/author\/admin\/\"}]}<\/script>\n<!-- \/ Yoast SEO plugin. -->","yoast_head_json":{"title":"Gazeteci K\u00fcr\u015fat A\u00e7\u0131kg\u00f6z'\u00fcn Sordu\u011fu Sorulara Talas Belediyesi\u2019nden Yan\u0131t Gelmedi - \u0130lk Man\u015fet Haber","robots":{"index":"index","follow":"follow","max-snippet":"max-snippet:-1","max-image-preview":"max-image-preview:large","max-video-preview":"max-video-preview:-1"},"canonical":"https:\/\/ilkmanset.com.tr\/index.php\/2025\/03\/07\/gazeteci-kursat-acikgozun-sordugu-sorulara-talas-belediyesinden-yanit-gelmedi\/","og_locale":"tr_TR","og_type":"article","og_title":"Gazeteci K\u00fcr\u015fat A\u00e7\u0131kg\u00f6z'\u00fcn Sordu\u011fu Sorulara Talas Belediyesi\u2019nden Yan\u0131t Gelmedi - \u0130lk Man\u015fet Haber","og_description":"Gazeteci K\u00fcr\u015fat A\u00e7\u0131kg\u00f6z\u2019\u00fcn Genel Yay\u0131n Y\u00f6netmeni oldu\u011fu Hunat TV, Talas Belediyesi\u2019ne y\u00f6nelik FET\u00d6 ile ilgili \u00e7e\u015fitli iddialar i\u00e7eren 10 soru y\u00f6neltmi\u015fti. Ancak belediye, do\u011frudan bu sorulara yan\u0131t vermek yerine Hunat TV\u2019ye y\u00f6nelik bir a\u00e7\u0131klama yaparak, konunun farkl\u0131 bir noktaya \u00e7ekildi\u011fi izlenimi olu\u015fturdu. Hunat TV taraf\u0131ndan g\u00fcndeme getirilen sorular, kamuoyunun bilgi edinme hakk\u0131 \u00e7er\u00e7evesinde \u00f6nemli g\u00f6r\u00fclmekte [&hellip;]","og_url":"https:\/\/ilkmanset.com.tr\/index.php\/2025\/03\/07\/gazeteci-kursat-acikgozun-sordugu-sorulara-talas-belediyesinden-yanit-gelmedi\/","og_site_name":"\u0130lk Man\u015fet Haber","article_published_time":"2025-03-07T14:37:38+00:00","article_modified_time":"2025-03-07T14:37:39+00:00","og_image":[{"width":1080,"height":1350,"url":"https:\/\/ilkmanset.com.tr\/wp-content\/uploads\/2025\/03\/post-boyut-1.png","type":"image\/png"}],"author":"Edit\u00f6r","twitter_card":"summary_large_image","twitter_misc":{"Yazan:":"Edit\u00f6r","Tahmini okuma s\u00fcresi":"2 dakika"},"schema":{"@context":"https:\/\/schema.org","@graph":[{"@type":"Article","@id":"https:\/\/ilkmanset.com.tr\/index.php\/2025\/03\/07\/gazeteci-kursat-acikgozun-sordugu-sorulara-talas-belediyesinden-yanit-gelmedi\/#article","isPartOf":{"@id":"https:\/\/ilkmanset.com.tr\/index.php\/2025\/03\/07\/gazeteci-kursat-acikgozun-sordugu-sorulara-talas-belediyesinden-yanit-gelmedi\/"},"author":{"name":"Edit\u00f6r","@id":"https:\/\/ilkmanset.com.tr\/#\/schema\/person\/f2efb298f4b0ad955b243083d1fe05d6"},"headline":"Gazeteci K\u00fcr\u015fat A\u00e7\u0131kg\u00f6z&#8217;\u00fcn Sordu\u011fu Sorulara Talas Belediyesi\u2019nden Yan\u0131t Gelmedi","datePublished":"2025-03-07T14:37:38+00:00","dateModified":"2025-03-07T14:37:39+00:00","mainEntityOfPage":{"@id":"https:\/\/ilkmanset.com.tr\/index.php\/2025\/03\/07\/gazeteci-kursat-acikgozun-sordugu-sorulara-talas-belediyesinden-yanit-gelmedi\/"},"wordCount":302,"commentCount":0,"publisher":{"@id":"https:\/\/ilkmanset.com.tr\/#organization"},"image":{"@id":"https:\/\/ilkmanset.com.tr\/index.php\/2025\/03\/07\/gazeteci-kursat-acikgozun-sordugu-sorulara-talas-belediyesinden-yanit-gelmedi\/#primaryimage"},"thumbnailUrl":"https:\/\/ilkmanset.com.tr\/wp-content\/uploads\/2025\/03\/post-boyut-1.png","articleSection":["Uncategorized"],"inLanguage":"tr","potentialAction":[{"@type":"CommentAction","name":"Comment","target":["https:\/\/ilkmanset.com.tr\/index.php\/2025\/03\/07\/gazeteci-kursat-acikgozun-sordugu-sorulara-talas-belediyesinden-yanit-gelmedi\/#respond"]}]},{"@type":"WebPage","@id":"https:\/\/ilkmanset.com.tr\/index.php\/2025\/03\/07\/gazeteci-kursat-acikgozun-sordugu-sorulara-talas-belediyesinden-yanit-gelmedi\/","url":"https:\/\/ilkmanset.com.tr\/index.php\/2025\/03\/07\/gazeteci-kursat-acikgozun-sordugu-sorulara-talas-belediyesinden-yanit-gelmedi\/","name":"Gazeteci K\u00fcr\u015fat A\u00e7\u0131kg\u00f6z'\u00fcn Sordu\u011fu Sorulara Talas Belediyesi\u2019nden Yan\u0131t Gelmedi - \u0130lk Man\u015fet Haber","isPartOf":{"@id":"https:\/\/ilkmanset.com.tr\/#website"},"primaryImageOfPage":{"@id":"https:\/\/ilkmanset.com.tr\/index.php\/2025\/03\/07\/gazeteci-kursat-acikgozun-sordugu-sorulara-talas-belediyesinden-yanit-gelmedi\/#primaryimage"},"image":{"@id":"https:\/\/ilkmanset.com.tr\/index.php\/2025\/03\/07\/gazeteci-kursat-acikgozun-sordugu-sorulara-talas-belediyesinden-yanit-gelmedi\/#primaryimage"},"thumbnailUrl":"https:\/\/ilkmanset.com.tr\/wp-content\/uploads\/2025\/03\/post-boyut-1.png","datePublished":"2025-03-07T14:37:38+00:00","dateModified":"2025-03-07T14:37:39+00:00","breadcrumb":{"@id":"https:\/\/ilkmanset.com.tr\/index.php\/2025\/03\/07\/gazeteci-kursat-acikgozun-sordugu-sorulara-talas-belediyesinden-yanit-gelmedi\/#breadcrumb"},"inLanguage":"tr","potentialAction":[{"@type":"ReadAction","target":["https:\/\/ilkmanset.com.tr\/index.php\/2025\/03\/07\/gazeteci-kursat-acikgozun-sordugu-sorulara-talas-belediyesinden-yanit-gelmedi\/"]}]},{"@type":"ImageObject","inLanguage":"tr","@id":"https:\/\/ilkmanset.com.tr\/index.php\/2025\/03\/07\/gazeteci-kursat-acikgozun-sordugu-sorulara-talas-belediyesinden-yanit-gelmedi\/#primaryimage","url":"https:\/\/ilkmanset.com.tr\/wp-content\/uploads\/2025\/03\/post-boyut-1.png","contentUrl":"https:\/\/ilkmanset.com.tr\/wp-content\/uploads\/2025\/03\/post-boyut-1.png","width":1080,"height":1350},{"@type":"BreadcrumbList","@id":"https:\/\/ilkmanset.com.tr\/index.php\/2025\/03\/07\/gazeteci-kursat-acikgozun-sordugu-sorulara-talas-belediyesinden-yanit-gelmedi\/#breadcrumb","itemListElement":[{"@type":"ListItem","position":1,"name":"Anasayfa","item":"https:\/\/ilkmanset.com.tr\/"},{"@type":"ListItem","position":2,"name":"Gazeteci K\u00fcr\u015fat A\u00e7\u0131kg\u00f6z&#8217;\u00fcn Sordu\u011fu Sorulara Talas Belediyesi\u2019nden Yan\u0131t Gelmedi"}]},{"@type":"WebSite","@id":"https:\/\/ilkmanset.com.tr\/#website","url":"https:\/\/ilkmanset.com.tr\/","name":"\u0130lk Man\u015fet Haber","description":"","publisher":{"@id":"https:\/\/ilkmanset.com.tr\/#organization"},"potentialAction":[{"@type":"SearchAction","target":{"@type":"EntryPoint","urlTemplate":"https:\/\/ilkmanset.com.tr\/?s={search_term_string}"},"query-input":{"@type":"PropertyValueSpecification","valueRequired":true,"valueName":"search_term_string"}}],"inLanguage":"tr"},{"@type":"Organization","@id":"https:\/\/ilkmanset.com.tr\/#organization","name":"\u0130lk Man\u015fet Haber","url":"https:\/\/ilkmanset.com.tr\/","logo":{"@type":"ImageObject","inLanguage":"tr","@id":"https:\/\/ilkmanset.com.tr\/#\/schema\/logo\/image\/","url":"https:\/\/ilkmanset.com.tr\/wp-content\/uploads\/2025\/03\/cropped-ILK-MANSET-PNG-1.png","contentUrl":"https:\/\/ilkmanset.com.tr\/wp-content\/uploads\/2025\/03\/cropped-ILK-MANSET-PNG-1.png","width":1080,"height":261,"caption":"\u0130lk Man\u015fet Haber"},"image":{"@id":"https:\/\/ilkmanset.com.tr\/#\/schema\/logo\/image\/"}},{"@type":"Person","@id":"https:\/\/ilkmanset.com.tr\/#\/schema\/person\/f2efb298f4b0ad955b243083d1fe05d6","name":"Edit\u00f6r","image":{"@type":"ImageObject","inLanguage":"tr","@id":"https:\/\/ilkmanset.com.tr\/#\/schema\/person\/image\/","url":"https:\/\/secure.gravatar.com\/avatar\/7ea14a84fb8cdc37379c51b9187aeddd9f52ca905830a1d7d035b9aafc00df1b?s=96&d=mm&r=g","contentUrl":"https:\/\/secure.gravatar.com\/avatar\/7ea14a84fb8cdc37379c51b9187aeddd9f52ca905830a1d7d035b9aafc00df1b?s=96&d=mm&r=g","caption":"Edit\u00f6r"},"sameAs":["https:\/\/ilkmanset.com.tr"],"url":"https:\/\/ilkmanset.com.tr\/index.php\/author\/admin\/"}]}},"_links":{"self":[{"href":"https:\/\/ilkmanset.com.tr\/index.php\/wp-json\/wp\/v2\/posts\/47","targetHints":{"allow":["GET"]}}],"collection":[{"href":"https:\/\/ilkmanset.com.tr\/index.php\/wp-json\/wp\/v2\/posts"}],"about":[{"href":"https:\/\/ilkmanset.com.tr\/index.php\/wp-json\/wp\/v2\/types\/post"}],"author":[{"embeddable":true,"href":"https:\/\/ilkmanset.com.tr\/index.php\/wp-json\/wp\/v2\/users\/1"}],"replies":[{"embeddable":true,"href":"https:\/\/ilkmanset.com.tr\/index.php\/wp-json\/wp\/v2\/comments?post=47"}],"version-history":[{"count":1,"href":"https:\/\/ilkmanset.com.tr\/index.php\/wp-json\/wp\/v2\/posts\/47\/revisions"}],"predecessor-version":[{"id":49,"href":"https:\/\/ilkmanset.com.tr\/index.php\/wp-json\/wp\/v2\/posts\/47\/revisions\/49"}],"wp:featuredmedia":[{"embeddable":true,"href":"https:\/\/ilkmanset.com.tr\/index.php\/wp-json\/wp\/v2\/media\/48"}],"wp:attachment":[{"href":"https:\/\/ilkmanset.com.tr\/index.php\/wp-json\/wp\/v2\/media?parent=47"}],"wp:term":[{"taxonomy":"category","embeddable":true,"href":"https:\/\/ilkmanset.com.tr\/index.php\/wp-json\/wp\/v2\/categories?post=47"},{"taxonomy":"post_tag","embeddable":true,"href":"https:\/\/ilkmanset.com.tr\/index.php\/wp-json\/wp\/v2\/tags?post=47"}],"curies":[{"name":"wp","href":"https:\/\/api.w.org\/{rel}","templated":true}]}}